{"id":3079,"date":"2026-07-10T15:58:43","date_gmt":"2026-07-10T13:58:43","guid":{"rendered":"https:\/\/www.psuc.fr\/?p=3079"},"modified":"2026-07-18T09:58:25","modified_gmt":"2026-07-18T07:58:25","slug":"alerte-canicule-rouge","status":"publish","type":"post","link":"https:\/\/www.psuc.fr\/?p=3079","title":{"rendered":"Alerte canicule rouge"},"content":{"rendered":"<p style=\"text-align: justify;\">Le PSUC active les modalit\u00e9s \u00ab\u00a0<span style=\"color: #ff0000;\"><strong>Vigilance rouge (canicule extr\u00eame)<\/strong><\/span>\u00a0\u00bb de sa <strong>Proc\u00e9dure canicule<\/strong> jusqu&rsquo;\u00e0 la lev\u00e9e de l&rsquo;alerte pour les activit\u00e9s r\u00e9alis\u00e9es dans les d\u00e9partements concern\u00e9s. Pour plus de d\u00e9tail, consultez la page consacr\u00e9e \u00e0 la <strong>Proc\u00e9dure canicule du PSUC<\/strong> en <a href=\"https:\/\/www.psuc.fr\/?page_id=3033\">cliquant ici<\/a>.<\/p>\n<p style=\"text-align: justify;\">Pour consulter les vigilances \u00e9mises par M\u00e9t\u00e9o France, <a href=\"https:\/\/vigilance.meteofrance.fr\/fr\" target=\"_blank\" rel=\"noopener\">cliquer ici<\/a><\/p>\n<p>&nbsp;<\/p>\n<p><img loading=\"lazy\" decoding=\"async\" class=\"aligncenter wp-image-3101 size-large\" src=\"https:\/\/www.psuc.fr\/wp-content\/uploads\/2026\/07\/Canicule-SDJES-768x1024.png\" alt=\"\" width=\"768\" height=\"1024\" srcset=\"https:\/\/www.psuc.fr\/wp-content\/uploads\/2026\/07\/Canicule-SDJES-768x1024.png 768w, https:\/\/www.psuc.fr\/wp-content\/uploads\/2026\/07\/Canicule-SDJES-225x300.png 225w, https:\/\/www.psuc.fr\/wp-content\/uploads\/2026\/07\/Canicule-SDJES-113x150.png 113w, https:\/\/www.psuc.fr\/wp-content\/uploads\/2026\/07\/Canicule-SDJES.png 1086w\" sizes=\"auto, (max-width: 768px) 100vw, 768px\" \/><\/p>\n","protected":false},"excerpt":{"rendered":"<p>Le PSUC active les modalit\u00e9s \u00ab\u00a0Vigilance rouge (canicule extr\u00eame)\u00a0\u00bb de sa Proc\u00e9dure canicule jusqu&rsquo;\u00e0 la lev\u00e9e de l&rsquo;alerte pour les activit\u00e9s r\u00e9alis\u00e9es dans les d\u00e9partements concern\u00e9s. Pour plus de d\u00e9tail, consultez la page consacr\u00e9e \u00e0 la Proc\u00e9dure canicule du PSUC en cliquant ici. Pour consulter les vigilances \u00e9mises par M\u00e9t\u00e9o France, cliquer ici &nbsp;<\/p>\n","protected":false},"author":139,"featured_media":0,"comment_status":"closed","ping_status":"closed","sticky":false,"template":"","format":"standard","meta":{"footnotes":""},"categories":[47],"tags":[],"class_list":["post-3079","post","type-post","status-publish","format-standard","hentry","category-flash-info"],"_links":{"self":[{"href":"https:\/\/www.psuc.fr\/index.php?rest_route=\/wp\/v2\/posts\/3079","targetHints":{"allow":["GET"]}}],"collection":[{"href":"https:\/\/www.psuc.fr\/index.php?rest_route=\/wp\/v2\/posts"}],"about":[{"href":"https:\/\/www.psuc.fr\/index.php?rest_route=\/wp\/v2\/types\/post"}],"author":[{"embeddable":true,"href":"https:\/\/www.psuc.fr\/index.php?rest_route=\/wp\/v2\/users\/139"}],"replies":[{"embeddable":true,"href":"https:\/\/www.psuc.fr\/index.php?rest_route=%2Fwp%2Fv2%2Fcomments&post=3079"}],"version-history":[{"count":11,"href":"https:\/\/www.psuc.fr\/index.php?rest_route=\/wp\/v2\/posts\/3079\/revisions"}],"predecessor-version":[{"id":3105,"href":"https:\/\/www.psuc.fr\/index.php?rest_route=\/wp\/v2\/posts\/3079\/revisions\/3105"}],"wp:attachment":[{"href":"https:\/\/www.psuc.fr\/index.php?rest_route=%2Fwp%2Fv2%2Fmedia&parent=3079"}],"wp:term":[{"taxonomy":"category","embeddable":true,"href":"https:\/\/www.psuc.fr\/index.php?rest_route=%2Fwp%2Fv2%2Fcategories&post=3079"},{"taxonomy":"post_tag","embeddable":true,"href":"https:\/\/www.psuc.fr\/index.php?rest_route=%2Fwp%2Fv2%2Ftags&post=3079"}],"curies":[{"name":"wp","href":"https:\/\/api.w.org\/{rel}","templated":true}]}}